{"id":12822,"global_id":"adalgisaalmeida.com.br\/site?id=12822","global_id_lineage":["adalgisaalmeida.com.br\/site?id=12822"],"author":"3","status":"publish","date":"2016-11-10 12:04:22","date_utc":"2016-11-10 15:04:22","modified":"2016-12-23 06:45:57","modified_utc":"2016-12-23 09:45:57","url":"https:\/\/adalgisaalmeida.com.br\/site\/event\/curso-de-introducao-a-confeitaria-artistica-13122016-e-14122016\/","rest_url":"https:\/\/adalgisaalmeida.com.br\/site\/wp-json\/tribe\/events\/v1\/events\/12822","title":"Curso de Introdu\u00e7\u00e3o \u00e0 Confeitaria &#8211; Bolos Decorados com Pasta Americana &#8211;  25 e 26\/01\/2017","description":"<p><span style=\"font-family: 'Georgia','serif'; color: #333333;\">Adalgisa Almeida preparou um curso especial que em 16 horas de aula, traz conceitos b\u00e1sicos e t\u00e9cnicas fundamentais de forma\u00e7\u00e3o em confeitaria para aqueles que desejam iniciar em sua carreira na confeitaria art\u00edstica. O Curso inclui material disponibilizado para a pr\u00e1tica, apostila em cores com passo a passo e certificado.<\/span><\/p>\n<p style=\"font-variant-ligatures: normal; font-variant-caps: normal; orphans: 2; text-align: start; widows: 2; -webkit-text-stroke-width: 0px; word-spacing: 0px;\"><span style=\"font-family: 'Georgia','serif'; color: #333333;\">A proposta \u00e9 um de curso preliminar criado a partir do curso Forma\u00e7\u00e3o em Cake Designer \u2013 M\u00f3dulo I, ministrado da escola de confeitaria Adalgisa Almeida, diante da procura e demanda por uma forma\u00e7\u00e3o introdut\u00f3ria de linguagem mais simples e acess\u00edvel.<\/span><\/p>\n<p style=\"font-variant-ligatures: normal; font-variant-caps: normal; orphans: 2; text-align: start; widows: 2; -webkit-text-stroke-width: 0px; word-spacing: 0px;\"><span style=\"font-family: 'Georgia','serif'; color: #333333;\">CONTE\u00daDO:<\/span><\/p>\n<p style=\"font-variant-ligatures: normal; font-variant-caps: normal; orphans: 2; text-align: start; widows: 2; -webkit-text-stroke-width: 0px; word-spacing: 0px;\"><span style=\"font-family: 'Georgia','serif'; color: #333333;\">&#8211; T\u00e9cnicas de preparo de massa<\/span><\/p>\n<p style=\"font-variant-ligatures: normal; font-variant-caps: normal; orphans: 2; text-align: start; widows: 2; -webkit-text-stroke-width: 0px; word-spacing: 0px;\"><span style=\"font-family: 'Georgia','serif'; color: #333333;\">&#8211; Preparo de recheios e t\u00e9cnicas para rechear<\/span><\/p>\n<p style=\"font-variant-ligatures: normal; font-variant-caps: normal; orphans: 2; text-align: start; widows: 2; -webkit-text-stroke-width: 0px; word-spacing: 0px;\"><span style=\"font-family: 'Georgia','serif'; color: #333333;\">&#8211; Prepara\u00e7\u00e3o do bolo para a aplica\u00e7\u00e3o de pasta americana<\/span><\/p>\n<p style=\"font-variant-ligatures: normal; font-variant-caps: normal; orphans: 2; text-align: start; widows: 2; -webkit-text-stroke-width: 0px; word-spacing: 0px;\"><span style=\"font-family: 'Georgia','serif'; color: #333333;\">&#8211; T\u00e9cnica de aplica\u00e7\u00e3o da pasta americana<\/span><\/p>\n<p style=\"font-variant-ligatures: normal; font-variant-caps: normal; orphans: 2; text-align: start; widows: 2; -webkit-text-stroke-width: 0px; word-spacing: 0px;\"><span style=\"font-family: 'Georgia','serif'; color: #333333;\">&#8211; Produ\u00e7\u00e3o de la\u00e7os, babados, fitas e tiras para decora\u00e7\u00e3o, bem como utiliza\u00e7\u00e3o de moldes de silicone e stencil<\/span><\/p>\n<p style=\"font-variant-ligatures: normal; font-variant-caps: normal; orphans: 2; text-align: start; widows: 2; -webkit-text-stroke-width: 0px; word-spacing: 0px;\"><span style=\"font-family: 'Georgia','serif'; color: #333333;\">&#8211; T\u00e9cnicas de preparo, colora\u00e7\u00e3o, conserva\u00e7\u00e3o com glac\u00ea real<\/span><\/p>\n<p style=\"font-variant-ligatures: normal; font-variant-caps: normal; orphans: 2; text-align: start; widows: 2; -webkit-text-stroke-width: 0px; word-spacing: 0px;\"><span style=\"font-family: 'Georgia','serif'; color: #333333;\">&#8211; Pontos e utiliza\u00e7\u00e3o do glac\u00ea<\/span><\/p>\n<p style=\"font-variant-ligatures: normal; font-variant-caps: normal; orphans: 2; text-align: start; widows: 2; -webkit-text-stroke-width: 0px; word-spacing: 0px;\"><span style=\"font-family: 'Georgia','serif'; color: #333333;\">&#8211; Preparo, montagem e utiliza\u00e7\u00e3o do saco de confeitar atrav\u00e9s do exerc\u00edcio de aplica\u00e7\u00e3o de efeito concha com bico<\/span><\/p>\n<p style=\"font-variant-ligatures: normal; font-variant-caps: normal; orphans: 2; text-align: start; widows: 2; -webkit-text-stroke-width: 0px; word-spacing: 0px;\"><span style=\"font-family: 'Georgia','serif'; color: #333333;\">&#8211; Dicas de tamanho ideal para festas, transporte, c\u00e1lculo de pre\u00e7o.<br \/>\nMETODOLOGIA:<br \/>\nO curso \u00e9 pr\u00e1tico com momentos alternados entra a demonstra\u00e7\u00e3o da professora e fundamenta\u00e7\u00e3o te\u00f3rica. Os alunos ser\u00e3o orientados dinamicamente nas etapas da aulas, com o objetivo de ao final do curso terem aprendido o passo a passo desde o preparo da massa, aplica\u00e7\u00e3o do recheio, cobertura e decora\u00e7\u00e3o de um bolo art\u00edstico.<\/span><\/p>\n<p style=\"font-variant-ligatures: normal; font-variant-caps: normal; orphans: 2; text-align: start; widows: 2; -webkit-text-stroke-width: 0px; word-spacing: 0px;\"><span style=\"font-family: 'Georgia','serif'; color: #333333;\">O tema de base do bolo \u00e9 um bolo infantil inspirado na personagem Minnie. Cada aluno produzir\u00e1 e decorar\u00e1 seu bolo conforme a foto.<\/span><\/p>\n<p style=\"font-variant-ligatures: normal; font-variant-caps: normal; orphans: 2; text-align: start; widows: 2; -webkit-text-stroke-width: 0px; word-spacing: 0px;\"><span style=\"font-family: 'Georgia','serif'; color: #333333;\">INFORMA\u00c7\u00d5ES T\u00c9CNICAS:<\/span><\/p>\n<p style=\"font-variant-ligatures: normal; font-variant-caps: normal; orphans: 2; text-align: start; widows: 2; -webkit-text-stroke-width: 0px; word-spacing: 0px;\"><span style=\"font-family: 'Georgia','serif'; color: #333333;\">Requisito: idade m\u00ednima de 16 anos.<br \/>\nCarga Hor\u00e1ria: 16 horas.<br \/>\nN\u00famero de vagas: 06<br \/>\nP\u00fablico alvo: p\u00fablico geral interessado. Quem deseja iniciar-se na confeitaria art\u00edstica.<br \/>\nProfessor: Adalgisa Almeida<br \/>\nRealiza\u00e7\u00e3o: dias 25 e 26 de janeiro, de 9h00 \u00e0s 17h30.<br \/>\nValor: R$1200,00\u00a0<\/span><\/p>\n<p style=\"font-variant-ligatures: normal; font-variant-caps: normal; orphans: 2; text-align: start; widows: 2; -webkit-text-stroke-width: 0px; word-spacing: 0px;\">At\u00e9 3x sem juros no cart\u00e3o de cr\u00e9dito<\/p>\n<p style=\"font-variant-ligatures: normal; font-variant-caps: normal; orphans: 2; text-align: start; widows: 2; -webkit-text-stroke-width: 0px; word-spacing: 0px;\">Desconto de 10% para pagamento \u00e1 vista, via dep\u00f3sito ou transfer\u00eancia banc\u00e1ria: R$1080,00<\/p>\n<p style=\"font-variant-ligatures: normal; font-variant-caps: normal; orphans: 2; text-align: start; widows: 2; -webkit-text-stroke-width: 0px; word-spacing: 0px;\"><span style=\"font-family: 'Georgia','serif'; color: #333333;\">\u00a0<\/span><\/p>\n<p style=\"font-variant-ligatures: normal; font-variant-caps: normal; orphans: 2; text-align: start; widows: 2; -webkit-text-stroke-width: 0px; word-spacing: 0px;\"><span style=\"font-family: 'Georgia','serif'; color: #333333;\">Para se inscrever, entre em contato conosco pelo e-mail<span class=\"apple-converted-space\">\u00a0<\/span><a href=\"mailto:cursos@adalgisaalmeida.com.br\" target=\"_blank\">cursos@adalgisaalmeida.com.br<\/a><br \/>\nou pela central de inscri\u00e7\u00f5es no telefone (31) 9 97699596 (whatsapp)<\/span><\/p>","excerpt":"","slug":"curso-de-introducao-a-confeitaria-artistica-13122016-e-14122016","image":{"url":"https:\/\/adalgisaalmeida.com.br\/site\/wp-content\/uploads\/2016\/08\/unnamed-2-1.jpg","id":12764,"extension":"jpg","width":599,"height":599,"sizes":{"thumbnail":{"width":150,"height":150,"mime-type":"image\/jpeg","url":"https:\/\/adalgisaalmeida.com.br\/site\/wp-content\/uploads\/2016\/08\/unnamed-2-1-150x150.jpg"},"medium":{"width":300,"height":300,"mime-type":"image\/jpeg","url":"https:\/\/adalgisaalmeida.com.br\/site\/wp-content\/uploads\/2016\/08\/unnamed-2-1-300x300.jpg"},"post-thumbnail":{"width":146,"height":146,"mime-type":"image\/jpeg","url":"https:\/\/adalgisaalmeida.com.br\/site\/wp-content\/uploads\/2016\/08\/unnamed-2-1-146x146.jpg"},"50x50":{"width":50,"height":50,"mime-type":"image\/jpeg","url":"https:\/\/adalgisaalmeida.com.br\/site\/wp-content\/uploads\/2016\/08\/unnamed-2-1-50x50.jpg"},"portfolio-mf-w":{"width":599,"height":375,"mime-type":"image\/jpeg","url":"https:\/\/adalgisaalmeida.com.br\/site\/wp-content\/uploads\/2016\/08\/unnamed-2-1-599x375.jpg"},"portfolio-mf-t":{"width":480,"height":599,"mime-type":"image\/jpeg","url":"https:\/\/adalgisaalmeida.com.br\/site\/wp-content\/uploads\/2016\/08\/unnamed-2-1-480x599.jpg"},"blog-single":{"width":599,"height":480,"mime-type":"image\/jpeg","url":"https:\/\/adalgisaalmeida.com.br\/site\/wp-content\/uploads\/2016\/08\/unnamed-2-1-599x480.jpg"},"blog-navi":{"width":80,"height":80,"mime-type":"image\/jpeg","url":"https:\/\/adalgisaalmeida.com.br\/site\/wp-content\/uploads\/2016\/08\/unnamed-2-1-80x80.jpg"},"clients-slider":{"width":75,"height":75,"mime-type":"image\/jpeg","url":"https:\/\/adalgisaalmeida.com.br\/site\/wp-content\/uploads\/2016\/08\/unnamed-2-1-75x75.jpg"},"testimonials":{"width":85,"height":85,"mime-type":"image\/jpeg","url":"https:\/\/adalgisaalmeida.com.br\/site\/wp-content\/uploads\/2016\/08\/unnamed-2-1-85x85.jpg"}}},"all_day":false,"start_date":"2017-01-25 09:00:00","start_date_details":{"year":"2017","month":"01","day":"25","hour":"09","minutes":"00","seconds":"00"},"end_date":"2017-01-26 17:30:00","end_date_details":{"year":"2017","month":"01","day":"26","hour":"17","minutes":"30","seconds":"00"},"utc_start_date":"2017-01-25 12:00:00","utc_start_date_details":{"year":"2017","month":"01","day":"25","hour":"12","minutes":"00","seconds":"00"},"utc_end_date":"2017-01-26 20:30:00","utc_end_date_details":{"year":"2017","month":"01","day":"26","hour":"20","minutes":"30","seconds":"00"},"timezone":"UTC-3","timezone_abbr":"","cost":"","cost_details":{"currency_symbol":"","currency_code":"","currency_position":"prefix","values":[]},"website":"www.adalgisaalmeida.com.br","show_map":true,"show_map_link":true,"hide_from_listings":false,"sticky":false,"featured":false,"categories":[],"tags":[{"name":"curso bolo","slug":"curso-bolo","term_group":0,"term_taxonomy_id":88,"taxonomy":"post_tag","description":"","parent":0,"count":1,"filter":"raw","id":88,"urls":{"self":"https:\/\/adalgisaalmeida.com.br\/site\/wp-json\/tribe\/events\/v1\/tags\/88","collection":"https:\/\/adalgisaalmeida.com.br\/site\/wp-json\/tribe\/events\/v1\/tags"}},{"name":"curso cake designer","slug":"curso-cake-designer","term_group":0,"term_taxonomy_id":89,"taxonomy":"post_tag","description":"","parent":0,"count":1,"filter":"raw","id":89,"urls":{"self":"https:\/\/adalgisaalmeida.com.br\/site\/wp-json\/tribe\/events\/v1\/tags\/89","collection":"https:\/\/adalgisaalmeida.com.br\/site\/wp-json\/tribe\/events\/v1\/tags"}},{"name":"curso confeitaria","slug":"curso-confeitaria","term_group":0,"term_taxonomy_id":87,"taxonomy":"post_tag","description":"","parent":0,"count":1,"filter":"raw","id":87,"urls":{"self":"https:\/\/adalgisaalmeida.com.br\/site\/wp-json\/tribe\/events\/v1\/tags\/87","collection":"https:\/\/adalgisaalmeida.com.br\/site\/wp-json\/tribe\/events\/v1\/tags"}},{"name":"curso confeiteiro","slug":"curso-confeiteiro","term_group":0,"term_taxonomy_id":90,"taxonomy":"post_tag","description":"","parent":0,"count":1,"filter":"raw","id":90,"urls":{"self":"https:\/\/adalgisaalmeida.com.br\/site\/wp-json\/tribe\/events\/v1\/tags\/90","collection":"https:\/\/adalgisaalmeida.com.br\/site\/wp-json\/tribe\/events\/v1\/tags"}}],"venue":{"id":6660,"author":"1","status":"publish","date":"2015-09-11 14:43:58","date_utc":"2015-09-11 17:43:58","modified":"2019-05-24 15:05:24","modified_utc":"2019-05-24 18:05:24","url":"https:\/\/adalgisaalmeida.com.br\/site\/local\/confeitaria-adalgisa-almeida\/","venue":"Confeitaria Adalgisa Almeida","slug":"confeitaria-adalgisa-almeida","address":"R. Miranda Ribeiro, 132","city":"Belo Horizonte","country":"Brasil","province":"MG","zip":"30380-660","phone":"(31) 3344-8373","website":"www.adalgisaalmeida.com.br","stateprovince":"MG","json_ld":{"@type":"Place","name":"Confeitaria Adalgisa Almeida","description":"","url":"","address":{"@type":"PostalAddress","streetAddress":"R. Miranda Ribeiro, 132","addressLocality":"Belo Horizonte","addressRegion":"MG","postalCode":"30380-660","addressCountry":"Brasil"},"telephone":"(31) 3344-8373","sameAs":"www.adalgisaalmeida.com.br"},"show_map":true,"show_map_link":true,"global_id":"adalgisaalmeida.com.br\/site?id=6660","global_id_lineage":["adalgisaalmeida.com.br\/site?id=6660"]},"organizer":[{"id":6661,"author":"1","status":"publish","date":"2015-09-11 14:47:02","date_utc":"2015-09-11 17:47:02","modified":"2015-09-11 14:47:02","modified_utc":"2015-09-11 17:47:02","url":"https:\/\/adalgisaalmeida.com.br\/site\/organizador\/adalgisa-almeida\/","organizer":"Adalgisa Almeida","slug":"adalgisa-almeida","json_ld":{"@type":"Person","name":"Adalgisa Almeida","description":"","url":"","telephone":"","email":"","sameAs":""},"global_id":"adalgisaalmeida.com.br\/site?id=6661","global_id_lineage":["adalgisaalmeida.com.br\/site?id=6661"]}],"json_ld":{"@context":"http:\/\/schema.org","@type":"Event","name":"Curso de Introdu\u00e7\u00e3o \u00e0 Confeitaria &#8211; Bolos Decorados com Pasta Americana &#8211;  25 e 26\/01\/2017","description":"&lt;p&gt;Adalgisa Almeida preparou um curso especial que em 16 horas de aula, traz conceitos b\u00e1sicos e t\u00e9cnicas fundamentais de forma\u00e7\u00e3o em confeitaria para aqueles que desejam iniciar em sua carreira [&hellip;]&lt;\/p&gt;\\n","image":"https:\/\/adalgisaalmeida.com.br\/site\/wp-content\/uploads\/2016\/08\/unnamed-2-1.jpg","url":"https:\/\/adalgisaalmeida.com.br\/site\/event\/curso-de-introducao-a-confeitaria-artistica-13122016-e-14122016\/","eventAttendanceMode":"https:\/\/schema.org\/OfflineEventAttendanceMode","eventStatus":"https:\/\/schema.org\/EventScheduled","startDate":"2017-01-25T09:00:00-03:00","endDate":"2017-01-26T17:30:00-03:00","location":{"@type":"Place","name":"Confeitaria Adalgisa Almeida","description":"","url":"","address":{"@type":"PostalAddress","streetAddress":"R. Miranda Ribeiro, 132","addressLocality":"Belo Horizonte","addressRegion":"MG","postalCode":"30380-660","addressCountry":"Brasil"},"telephone":"(31) 3344-8373","sameAs":"www.adalgisaalmeida.com.br"},"organizer":{"@type":"Person","name":"Adalgisa Almeida","description":"","url":"","telephone":"","email":"","sameAs":""},"performer":"Organization"}}